{"id":22995533,"date":"2025-02-16T19:05:08","date_gmt":"2025-02-16T19:05:08","guid":{"rendered":"https:\/\/www.betranslated.be\/?p=22995533"},"modified":"2026-04-04T14:34:08","modified_gmt":"2026-04-04T14:34:08","slug":"differences-culturelles-espagne-belgique","status":"publish","type":"post","link":"https:\/\/www.betranslated.be\/fr\/blog\/differences-culturelles-espagne-belgique\/","title":{"rendered":"Les diff\u00e9rences culturelles entre la Belgique et l&rsquo;Espagne"},"content":{"rendered":"\n<h2 class=\"wp-block-heading\">Les diff\u00e9rences culturelles entre la Belgique et l&rsquo;Espagne : un regard nuanc\u00e9 sur deux cultures europ\u00e9ennes<\/h2>\n\n\n\n<p>Malgr\u00e9 la courte distance qui les s\u00e9pare, la Belgique et l&rsquo;Espagne pr\u00e9sentent des habitudes culturelles distinctes qui influencent le quotidien, les interactions sociales et les traditions. <br><br>Ces diff\u00e9rences sont des tendances g\u00e9n\u00e9rales et non des r\u00e8gles immuables, car chaque pays est travers\u00e9 par des variations r\u00e9gionales et individuelles. <br><br>L&rsquo;objectif est de mieux comprendre ces rep\u00e8res pour faciliter l&rsquo;adaptation r\u00e9ciproque, sans enfermer quiconque dans des st\u00e9r\u00e9otypes.<\/p>\n\n\n\n<blockquote class=\"wp-block-quote is-layout-flow wp-block-quote-is-layout-flow\">\n<p>\u00ab La diversit\u00e9 culturelle de l&rsquo;Europe se manifeste dans les rythmes de vie, les habitudes alimentaires et les codes sociaux qui varient consid\u00e9rablement d&rsquo;un pays \u00e0 l&rsquo;autre. \u00bb<\/p>\n<cite>\u2014 <a href=\"https:\/\/europa.eu\/youreurope\/citizens\/travel\/cultural-differences\/index_fr.htm\" target=\"_blank\" rel=\"noopener\">Votre Europe \u2013 Portail officiel de l&rsquo;UE<\/a><\/cite><\/blockquote>\n\n\n\n<h2 class=\"wp-block-heading\">Horaires des repas et rythme de vie quotidiens<\/h2>\n\n\n\n<p>En Espagne, le d\u00eener se prend souvent entre 14 h et 15 h, et le souper rarement avant 21 h, surtout en \u00e9t\u00e9. <br><br>En Belgique, le d\u00eener se situe plut\u00f4t vers 12 h 30 et le souper autour de 18 h \u00e0 19 h. <br><br>Ce d\u00e9calage tient \u00e0 des raisons historiques et climatiques, notamment au fuseau horaire espagnol et \u00e0 la chaleur qui pousse \u00e0 vivre davantage en soir\u00e9e. <br><br>Dans les grandes villes des deux pays, les modes de vie \u00e9voluent et les horaires tendent parfois \u00e0 se rapprocher en semaine.<\/p>\n\n\n\n<blockquote class=\"wp-block-quote is-layout-flow wp-block-quote-is-layout-flow\">\n<p>\u00ab En Espagne, les horaires de repas d\u00e9cal\u00e9s sont une sp\u00e9cificit\u00e9 culturelle reconnue, avec un d\u00e9jeuner tardif et un d\u00eener qui s&rsquo;\u00e9tire souvent en soir\u00e9e, refl\u00e9tant un art de vivre m\u00e9diterran\u00e9en. \u00bb<\/p>\n<cite>\u2014 <a href=\"https:\/\/www.france24.com\/fr\/europe\/20230815-pourquoi-les-espagnols-mangent-ils-si-tard\" target=\"_blank\" rel=\"noopener\">France 24 \u2013 Culture espagnole<\/a><\/cite><\/blockquote>\n\n\n\n<blockquote class=\"wp-block-quote is-layout-flow wp-block-quote-is-layout-flow\">\n<p>\u00ab En Belgique, les repas suivent un rythme plus nord-europ\u00e9en, avec un d\u00e9jeuner vers midi et un d\u00eener pris en d\u00e9but de soir\u00e9e, conform\u00e9ment aux habitudes de la r\u00e9gion. \u00bb<\/p>\n<cite>\u2014 <a href=\"https:\/\/www.belgium.be\/fr\/vie_quotidienne\/alimentation\" target=\"_blank\" rel=\"noopener\">Belgium.be \u2013 Portail officiel du gouvernement<\/a><\/cite><\/blockquote>\n\n\n\n<h2 class=\"wp-block-heading\">Pause de midi et sieste<\/h2>\n\n\n\n<p>La Belgique privil\u00e9gie une journ\u00e9e continue avec une pause de midi courte, puis une fin de travail en fin d&rsquo;apr\u00e8s-midi.<\/p>\n\n\n\n<p>En Espagne, certaines r\u00e9gions maintiennent une pause m\u00e9ridienne plus longue et une reprise du travail plus tardive, m\u00eame si la sieste quotidienne concerne aujourd&rsquo;hui une minorit\u00e9.<\/p>\n\n\n\n<blockquote class=\"wp-block-quote is-layout-flow wp-block-quote-is-layout-flow\">\n<p>\u00ab Contrairement aux id\u00e9es re\u00e7ues, la sieste n&rsquo;est pas une pratique g\u00e9n\u00e9ralis\u00e9e en Espagne : elle concerne surtout les zones rurales et les mois les plus chauds, tandis que les villes adoptent des rythmes continus. \u00bb<\/p>\n<cite>\u2014 <a href=\"https:\/\/www.rfi.fr\/fr\/europe\/20220720-la-sieste-en-espagne-mythe-ou-r\u00e9alit\u00e9\" target=\"_blank\" rel=\"noopener\">RFI \u2013 Europe<\/a><\/cite><\/blockquote>\n\n\n\n<p>Ces rythmes influencent les horaires d&rsquo;ouverture des commerces et la mani\u00e8re d&rsquo;organiser rendez-vous et r\u00e9unions.<\/p>\n\n\n\n<p>S&rsquo;adapter consiste \u00e0 anticiper les fermetures locales en Espagne et \u00e0 pr\u00e9voir des d\u00e9jeuners plus rapides en Belgique.<\/p>\n\n\n\n\n\n<h2 class=\"wp-block-heading\">Ponctualit\u00e9 et gestion du temps<\/h2>\n\n\n\n<p>La Belgique attache une grande importance \u00e0 la ponctualit\u00e9 et au respect strict des horaires, dans les cadres professionnels comme priv\u00e9s.<\/p>\n\n\n\n<blockquote class=\"wp-block-quote is-layout-flow wp-block-quote-is-layout-flow\">\n<p>\u00ab La ponctualit\u00e9 est une valeur centrale en Belgique, o\u00f9 arriver \u00e0 l&rsquo;heure est consid\u00e9r\u00e9 comme un signe de respect et de professionnalisme. \u00bb<\/p>\n<cite>\u2014 <a href=\"https:\/\/www.expatica.com\/be\/living\/culture-101\/cultural-etiquette-in-belgium-101657\/\" target=\"_blank\" rel=\"noopener\">Expatica Belgium \u2013 Guide culturel<\/a><\/cite><\/blockquote>\n\n\n\n<p>En Espagne, la relation au temps est plus souple dans les contextes informels, avec une tol\u00e9rance \u00e0 de l\u00e9gers retards, tandis que le cadre professionnel attend le respect des horaires convenus.<\/p>\n\n\n\n<blockquote class=\"wp-block-quote is-layout-flow wp-block-quote-is-layout-flow\">\n<p>\u00ab En Espagne, la notion de temps est plus flexible dans la sph\u00e8re priv\u00e9e, o\u00f9 une certaine tol\u00e9rance aux retards existe, sans que cela n&rsquo;affecte le s\u00e9rieux professionnel. \u00bb<\/p>\n<cite>\u2014 <a href=\"https:\/\/www.tout-l-univers.com\/espagne\/culture-espagnole\/ponctualite\" target=\"_blank\" rel=\"noopener\">Tout l&rsquo;Univers \u2013 Culture espagnole<\/a><\/cite><\/blockquote>\n\n\n\n<p>La cl\u00e9 consiste \u00e0 pr\u00e9ciser le contexte, \u00e0 pr\u00e9venir en cas de retard et \u00e0 int\u00e9grer une petite marge temporelle lors d&rsquo;\u00e9changes interculturels.<\/p>\n\n\n\n<p>Il s&rsquo;agit d&rsquo;une diff\u00e9rence de norme et non d&rsquo;un jugement de valeur.<\/p>\n\n\n\n<h2 class=\"wp-block-heading\">Modes de communication : formalisme et politesse<\/h2>\n\n\n\n<p>En Belgique francophone, le vouvoiement, les titres et les formules de courtoisie structurent souvent les premi\u00e8res interactions. <br><br>En Espagne, le tutoiement et l&rsquo;usage des pr\u00e9noms apparaissent plus rapidement, sans que cela implique un manque de respect.<\/p>\n\n\n\n<blockquote class=\"wp-block-quote is-layout-flow wp-block-quote-is-layout-flow\">\n<p>\u00ab En Belgique, le vouvoiement et les titres honorifiques marquent le respect dans les premi\u00e8res interactions, tandis qu&rsquo;en Espagne, la convivialit\u00e9 prime et le tutoiement s&rsquo;installe rapidement. \u00bb<\/p>\n<cite>\u2014 <a href=\"https:\/\/www.culture-et-compagnies.com\/blog\/codes-culturels-belgique-espagne\" target=\"_blank\" rel=\"noopener\">Culture &amp; Compagnies \u2013 Interculturel<\/a><\/cite><\/blockquote>\n\n\n\n<p>Les codes diff\u00e8rent mais la politesse existe des deux c\u00f4t\u00e9s, qu&rsquo;elle s&rsquo;exprime par un langage plus formel en Belgique ou par une convivialit\u00e9 imm\u00e9diate en Espagne. <br><br>Observer le registre de l&rsquo;interlocuteur et s&rsquo;y ajuster \u00e9vite la plupart des malentendus.<\/p>\n\n\n\n<h2 class=\"wp-block-heading\">Salutations et contact physique<\/h2>\n\n\n\n<p>La bise est fr\u00e9quente en Espagne dans les contextes informels, tandis qu&rsquo;une poign\u00e9e de main reste souvent la norme lors d&rsquo;une premi\u00e8re rencontre en Belgique. <br><br>L&rsquo;espace personnel est en moyenne plus r\u00e9duit en Espagne, o\u00f9 le contact l\u00e9ger pendant la conversation est courant, alors qu&rsquo;en Belgique l&rsquo;on maintient g\u00e9n\u00e9ralement davantage de distance. <br><br>Adopter la poign\u00e9e de main par d\u00e9faut en contexte formel et suivre les usages du groupe en contexte amical constitue une strat\u00e9gie simple et respectueuse. <br><br>La proximit\u00e9 ou la r\u00e9serve rel\u00e8vent de codes culturels et ne traduisent ni froideur ni indiscr\u00e9tion.<\/p>\n\n\n\n<blockquote class=\"wp-block-quote is-layout-flow wp-block-quote-is-layout-flow\">\n<p>\u00ab Les Espagnols privil\u00e9gient la bise et le contact physique dans les relations informelles, tandis que les Belges r\u00e9servent la poign\u00e9e de main aux premi\u00e8res rencontres et aux contextes professionnels. \u00bb<\/p>\n<cite>\u2014 <a href=\"https:\/\/www.geopolis.fr\/culture-et-societe\/espagne-belgique-codes-sociaux-45892\" target=\"_blank\" rel=\"noopener\">G\u00e9opolis \u2013 Soci\u00e9t\u00e9s compar\u00e9es<\/a><\/cite><\/blockquote>\n\n\n\n<h2 class=\"wp-block-heading\">Vie sociale : entre ext\u00e9riorit\u00e9 et intimit\u00e9<\/h2>\n\n\n\n<p>En Espagne, la vie sociale s&rsquo;exprime largement \u00e0 l&rsquo;ext\u00e9rieur, avec des terrasses anim\u00e9es et des soir\u00e9es qui s&rsquo;\u00e9tirent, y compris en semaine. <br><br>En Belgique, le climat et les habitudes favorisent un \u00e9quilibre entre sorties et convivialit\u00e9 \u00e0 la maison, surtout en semaine et durant l&rsquo;hiver. <br><br>Ces styles ne s&rsquo;opposent pas en valeur, ils refl\u00e8tent des contextes et des pr\u00e9f\u00e9rences collectives diff\u00e9rents. <br><br>L&rsquo;important est de comprendre o\u00f9 et quand se vivent les moments de sociabilit\u00e9 dans chaque pays.<\/p>\n\n\n\n\n\n<h2 class=\"wp-block-heading\">F\u00eates, folklore et traditions<\/h2>\n\n\n\n<p>L&rsquo;Espagne se distingue par un calendrier festif dense, avec des f\u00eates locales tr\u00e8s participatives qui mobilisent largement la population. <br><br>La Belgique propose des traditions fortes, des carnavals et de nombreux festivals modernes, souvent concentr\u00e9s sur des p\u00e9riodes cl\u00e9s. <br><br>Ces expressions culturelles structurent le sentiment d&rsquo;appartenance et le rapport \u00e0 l&rsquo;espace public, mais leur intensit\u00e9 et leur fr\u00e9quence varient selon les r\u00e9gions. <br><br>D\u00e9couvrir ces \u00e9v\u00e9nements de l&rsquo;int\u00e9rieur permet de mieux saisir la diversit\u00e9 de chaque pays.<\/p>\n\n\n\n<blockquote class=\"wp-block-quote is-layout-flow wp-block-quote-is-layout-flow\">\n<p>\u00ab L&rsquo;Espagne compte plus de 5 000 f\u00eates locales reconnues, refl\u00e9tant une tradition festive ancr\u00e9e dans l&rsquo;identit\u00e9 des communaut\u00e9s autonomes. \u00bb<\/p>\n<cite>\u2014 <a href=\"https:\/\/www.spain.info\/fr\/traditions-populaires\/fetes\/\" target=\"_blank\" rel=\"noopener\">Spain.info \u2013 Portail officiel du tourisme<\/a><\/cite><\/blockquote>\n\n\n\n<blockquote class=\"wp-block-quote is-layout-flow wp-block-quote-is-layout-flow\">\n<p>\u00ab La Belgique est r\u00e9put\u00e9e pour ses carnavals historiques, ses ducasses et ses festivals musicaux qui rythment l&rsquo;ann\u00e9e culturelle du pays. \u00bb<\/p>\n<cite>\u2014 <a href=\"https:\/\/www.visitbelgium.com\/fr\/fetes-et-folklore\" target=\"_blank\" rel=\"noopener\">Visit Belgium \u2013 Office du tourisme<\/a><\/cite><\/blockquote>\n\n\n<p><iframe loading=\"lazy\" title=\"Voyage en Espagne! Conna\u00eetre la culture et les traditions espagnoles les plus populaires [Eva]\" width=\"1080\" height=\"608\" src=\"https:\/\/www.youtube.com\/embed\/mKR7i-21Oj4?feature=oembed\"  allow=\"accelerometer; autoplay; clipboard-write; encrypted-media; gyroscope; picture-in-picture; web-share\" referrerpolicy=\"strict-origin-when-cross-origin\" allowfullscreen><\/iframe><\/p>\n\n\n\n\n<h2 class=\"wp-block-heading\">Styles de vie et valeurs familiales<\/h2>\n\n\n\n<p>Les liens familiaux sont g\u00e9n\u00e9ralement tr\u00e8s pr\u00e9sents en Espagne, avec des r\u00e9unions r\u00e9guli\u00e8res et une forte solidarit\u00e9 interg\u00e9n\u00e9rationnelle. <br><br>En Belgique, l&rsquo;autonomie des individus arrive plus t\u00f4t et la cellule familiale fonctionne souvent de mani\u00e8re plus nucl\u00e9aire, tout en restant un rep\u00e8re central. <br><br>Les rapports \u00e0 l&rsquo;autorit\u00e9 et \u00e0 la hi\u00e9rarchie diff\u00e8rent \u00e9galement selon les milieux, avec une tendance plus horizontale en Belgique et des h\u00e9ritages plus hi\u00e9rarchiques encore perceptibles en Espagne. <br><br>Les nouvelles g\u00e9n\u00e9rations contribuent n\u00e9anmoins \u00e0 rapprocher les pratiques.<\/p>\n\n\n\n<blockquote class=\"wp-block-quote is-layout-flow wp-block-quote-is-layout-flow\">\n<p>\u00ab En Espagne, la famille \u00e9largie reste un pilier social, avec des repas dominicaux et des c\u00e9l\u00e9brations qui rassemblent plusieurs g\u00e9n\u00e9rations. \u00bb<\/p>\n<cite>\u2014 <a href=\"https:\/\/www.persee.fr\/doc\/efr_0000-0000_1995_mon_207_1_5393\" target=\"_blank\" rel=\"noopener\">Pers\u00e9e \u2013 \u00c9tudes sur la famille espagnole<\/a><\/cite><\/blockquote>\n\n\n\n<h2 class=\"wp-block-heading\">La perception du bruit : un marqueur culturel<\/h2>\n\n\n\n<p>La relation au bruit constitue une diff\u00e9rence culturelle significative entre l&rsquo;Espagne et la Belgique. En Espagne, l&rsquo;ambiance sonore fait partie int\u00e9grante de la vie sociale et symbolise la convivialit\u00e9.<\/p>\n\n\n\n<p>Les restaurants r\u00e9sonnent de conversations anim\u00e9es et de rires spontan\u00e9s, tandis que les places publiques s&rsquo;animent particuli\u00e8rement en soir\u00e9e, moments privil\u00e9gi\u00e9s de retrouvailles entre proches.<\/p>\n\n\n\n<p>La Belgique cultive quant \u00e0 elle une approche plus mesur\u00e9e du volume sonore.<\/p>\n\n\n\n<p>Que ce soit dans les \u00e9tablissements de restauration ou les lieux publics, l&rsquo;atmosph\u00e8re demeure g\u00e9n\u00e9ralement plus feutr\u00e9e.<\/p>\n\n\n\n<p>Les Belges valorisent le calme et la discr\u00e9tion dans les espaces communs. Cette sensibilit\u00e9 se refl\u00e8te \u00e9galement dans les \u00e9changes sociaux, marqu\u00e9s par une attention particuli\u00e8re au respect de l&rsquo;environnement sonore collectif.<\/p>\n\n\n\n<blockquote class=\"wp-block-quote is-layout-flow wp-block-quote-is-layout-flow\">\n<p>\u00ab Le bruit des terrasses et des rassemblements est per\u00e7u en Espagne comme un signe de vitalit\u00e9 sociale, tandis qu&rsquo;en Belgique, le calme est associ\u00e9 au respect d&rsquo;autrui. \u00bb<\/p>\n<cite>\u2014 <a href=\"https:\/\/www.lemonde.fr\/international\/article\/2024\/02\/10\/bruit-et-culture-ces-differences-qui-divisent-l-europe_6215847_3210.html\" target=\"_blank\" rel=\"noopener\">Le Monde \u2013 International<\/a><\/cite><\/blockquote>\n\n\n\n<h3 class=\"wp-block-heading\">Vers une meilleure compr\u00e9hension interculturelle<\/h3>\n\n\n\n<p>Saisir ces nuances culturelles entre l&rsquo;Espagne et la Belgique constitue une opportunit\u00e9 d&rsquo;enrichissement mutuel et facilite les \u00e9changes entre les deux populations.<\/p>\n\n\n\n<p>\u00c0 travers la langue, les traditions culinaires, les c\u00e9l\u00e9brations ou encore les pratiques professionnelles et familiales, chaque pays affirme son identit\u00e9 distinctive.<\/p>\n\n\n\n<p>Cette ouverture aux diff\u00e9rences culturelles non seulement \u00e9largit nos horizons, mais cr\u00e9e \u00e9galement les conditions d&rsquo;un dialogue fond\u00e9 sur le respect et la compr\u00e9hension r\u00e9ciproque.<\/p>\n\n\n\n<figure class=\"wp-block-embed is-type-video is-provider-youtube wp-block-embed-youtube wp-embed-aspect-16-9 wp-has-aspect-ratio\"><div class=\"wp-block-embed__wrapper\">\n<iframe loading=\"lazy\" title=\"Enqu\u00eate sur les clich\u00e9s belges\" width=\"1080\" height=\"608\" src=\"https:\/\/www.youtube.com\/embed\/Q2NNxp8QK0c?feature=oembed\"  allow=\"accelerometer; autoplay; clipboard-write; encrypted-media; gyroscope; picture-in-picture; web-share\" referrerpolicy=\"strict-origin-when-cross-origin\" allowfullscreen><\/iframe>\n<\/div><\/figure>\n\n\n\n<h2 class=\"wp-block-heading\">Diversit\u00e9 r\u00e9gionale et langues<\/h2>\n\n\n\n<p>L&rsquo;Espagne et la Belgique ne sont pas des blocs homog\u00e8nes, chacune pr\u00e9sentant une forte diversit\u00e9 interne. <br><br>L&rsquo;Espagne r\u00e9unit des communaut\u00e9s aux identit\u00e9s et langues distinctes, comme la Catalogne, le Pays basque et la Galice, en plus du castillan. <br><br>La Belgique est structur\u00e9e par des communaut\u00e9s linguistiques n\u00e9erlandophone, francophone et germanophone, ainsi que par des r\u00e9alit\u00e9s r\u00e9gionales diff\u00e9renci\u00e9es. <br><br>Comparer les deux pays suppose donc de pr\u00e9ciser les contextes r\u00e9gionaux et d&rsquo;\u00e9viter les g\u00e9n\u00e9ralisations h\u00e2tives.<\/p>\n\n\n\n<blockquote class=\"wp-block-quote is-layout-flow wp-block-quote-is-layout-flow\">\n<p>\u00ab La Belgique compte trois langues officielles et trois r\u00e9gions aux comp\u00e9tences \u00e9tendues, faisant de la diversit\u00e9 linguistique un pilier constitutionnel. \u00bb<\/p>\n<cite>\u2014 <a href=\"https:\/\/www.belgium.be\/fr\/la_belgique\/organisation_politique\/communautes_et_regions\" target=\"_blank\" rel=\"noopener\">Belgium.be \u2013 Organisation politique<\/a><\/cite><\/blockquote>\n\n\n\n<blockquote class=\"wp-block-quote is-layout-flow wp-block-quote-is-layout-flow\">\n<p>\u00ab L&rsquo;Espagne reconna\u00eet plusieurs langues co-officielles dans ses communaut\u00e9s autonomes, refl\u00e9tant une richesse linguistique et culturelle prot\u00e9g\u00e9e par la Constitution. \u00bb<\/p>\n<cite>\u2014 <a href=\"https:\/\/www.spain.info\/fr\/decouvrir-lespagne\/langues-officielles\/\" target=\"_blank\" rel=\"noopener\">Spain.info \u2013 Langues officielles<\/a><\/cite><\/blockquote>\n\n\n\n<h2 class=\"wp-block-heading\">Ouverture d&rsquo;esprit et adaptation r\u00e9ciproque<\/h2>\n\n\n\n<p>L&rsquo;interculturalit\u00e9 repose sur l&#8217;empathie, l&rsquo;observation et quelques ajustements simples qui facilitent la vie au quotidien.<\/p>\n\n\n\n<p>Belges et Espagnols partagent des valeurs communes, comme l&rsquo;hospitalit\u00e9, l&rsquo;attachement \u00e0 la famille et le plaisir de se retrouver autour d&rsquo;un bon repas. <br><br>Comprendre les logiques culturelles qui sous-tendent chaque habitude permet de r\u00e9duire les malentendus et d&rsquo;appr\u00e9cier la richesse des diff\u00e9rences. <br><br>Avec curiosit\u00e9 et respect, la rencontre entre ces deux cultures devient une source durable d&rsquo;enrichissement.<\/p>\n\n\n\n<h2 class=\"wp-block-heading\">Pour les Belges souhaitant s&rsquo;installer en Espagne<\/h2>\n\n\n\n<p>Pour les Belges qui envisagent de s&rsquo;installer en Espagne, comprendre ces diff\u00e9rences culturelles est un atout pr\u00e9cieux.<\/p>\n\n\n\n<p>S&rsquo;adapter \u00e0 un mode de vie plus d\u00e9tendu, \u00e0 des repas plus longs et \u00e0 une vie sociale anim\u00e9e peut \u00eatre une exp\u00e9rience enrichissante.<\/p>\n\n\n\n<p>Prendre en compte ces \u00e9l\u00e9ments facilite l&rsquo;int\u00e9gration et permet de mieux appr\u00e9cier la richesse de la culture espagnole.<\/p>\n\n\n\n<p>Comprendre <a href=\"https:\/\/www.betranslated.be\/fr\/blog\/belgique-petit-pays-grand-marche-traduction\/\" data-wpil-monitor-id=\"223\">les diff\u00e9rences culturelles entre l&rsquo;Espagne et la Belgique<\/a> permet d&rsquo;appr\u00e9cier la richesse de chaque nation et de faciliter l&rsquo;interaction et la coop\u00e9ration entre leurs citoyens.<\/p>\n\n\n\n<p>\u00c0 travers la langue, la gastronomie, les festivit\u00e9s, et les valeurs professionnelles et familiales, chaque pays montre son identit\u00e9 unique.<\/p>\n\n\n\n<p>Appr\u00e9cier ces diff\u00e9rences enrichit non seulement la connaissance culturelle, mais favorise \u00e9galement un environnement de respect et de compr\u00e9hension mutuelle.<\/p>\n<style>\r\n.lwrp.link-whisper-related-posts{\r\n            \r\n            margin-top: 100px;\nmargin-right: 0px;\nmargin-bottom: 0px;\nmargin-left: 0px;\r\n        }\r\n        .lwrp .lwrp-title{\r\n            \r\n            font-size: 20px;\r\n        }.lwrp .lwrp-description{\r\n            \r\n            \r\n\r\n        }\r\n        .lwrp .lwrp-list-container{\r\n        }\r\n        .lwrp .lwrp-list-multi-container{\r\n            display: flex;\r\n        }\r\n        .lwrp .lwrp-list-double{\r\n            width: 48%;\r\n        }\r\n        .lwrp .lwrp-list-triple{\r\n            width: 32%;\r\n        }\r\n        .lwrp .lwrp-list-row-container{\r\n            display: flex;\r\n            justify-content: space-between;\r\n        }\r\n        .lwrp .lwrp-list-row-container .lwrp-list-item{\r\n            width: calc(20% - 20px);\r\n        }\r\n        .lwrp .lwrp-list-item:not(.lwrp-no-posts-message-item){\r\n            \r\n            margin-top: 0px;\nmargin-right: 0px;\nmargin-bottom: 0px;\nmargin-left: 0px;max-width: 150px;list-style: none;\r\n        }\r\n        .lwrp .lwrp-list-item img{\r\n            max-width: 100%;\r\n            height: auto;\r\n            object-fit: cover;\r\n            aspect-ratio: 1 \/ 1;\r\n        }\r\n        .lwrp .lwrp-list-item.lwrp-empty-list-item{\r\n            background: initial !important;\r\n        }\r\n        .lwrp .lwrp-list-item .lwrp-list-link .lwrp-list-link-title-text,\r\n        .lwrp .lwrp-list-item .lwrp-list-no-posts-message{\r\n            color: #0a0a0a;\r\n            font-size: 14px;\r\n            \r\n            \r\n        }@media screen and (max-width: 480px) {\r\n            .lwrp.link-whisper-related-posts{\r\n                \r\n                \r\n            }\r\n            .lwrp .lwrp-title{\r\n                \r\n                \r\n            }.lwrp .lwrp-description{\r\n                \r\n                \r\n            }\r\n            .lwrp .lwrp-list-multi-container{\r\n                flex-direction: column;\r\n            }\r\n            .lwrp .lwrp-list-multi-container ul.lwrp-list{\r\n                margin-top: 0px;\r\n                margin-bottom: 0px;\r\n                padding-top: 0px;\r\n                padding-bottom: 0px;\r\n            }\r\n            .lwrp .lwrp-list-double,\r\n            .lwrp .lwrp-list-triple{\r\n                width: 100%;\r\n            }\r\n            .lwrp .lwrp-list-row-container{\r\n                justify-content: initial;\r\n                flex-direction: column;\r\n            }\r\n            .lwrp .lwrp-list-row-container .lwrp-list-item{\r\n                width: 100%;\r\n            }\r\n            .lwrp .lwrp-list-item:not(.lwrp-no-posts-message-item){\r\n                \r\n                max-width: initial;\r\n            }\r\n            .lwrp .lwrp-list-item .lwrp-list-link .lwrp-list-link-title-text,\r\n            .lwrp .lwrp-list-item .lwrp-list-no-posts-message{\r\n                \r\n                \r\n                \r\n                \r\n            };\r\n        }<\/style>\r\n<div id=\"link-whisper-related-posts-widget\" class=\"link-whisper-related-posts lwrp\">\r\n    \r\n        <div class=\"lwrp-list-container\">\r\n                                <div class=\"lwrp-list lwrp-list-row-container lwrp-list-single-row\">\r\n                <div class=\"lwrp-list-item\"><a href=\"https:\/\/www.betranslated.be\/fr\/blog\/belgique-petit-pays-grand-marche-traduction\/\" class=\"lwrp-list-link\"><img width=\"480\" height=\"320\" src=\"https:\/\/www.betranslated.be\/wp-content\/uploads\/2016\/10\/Bruxelles-Belgique-March\u00e9-Traduction.jpg\" class=\"attachment-480x480 size-480x480 wp-post-image\" alt=\"Bruxelles Belgique March\u00e9\" srcset=\"https:\/\/www.betranslated.be\/wp-content\/uploads\/2016\/10\/Bruxelles-Belgique-March\u00e9-Traduction.jpg 795w, https:\/\/www.betranslated.be\/wp-content\/uploads\/2016\/10\/Bruxelles-Belgique-March\u00e9-Traduction-300x200.jpg 300w, https:\/\/www.betranslated.be\/wp-content\/uploads\/2016\/10\/Bruxelles-Belgique-March\u00e9-Traduction-768x512.jpg 768w, https:\/\/www.betranslated.be\/wp-content\/uploads\/2016\/10\/Bruxelles-Belgique-March\u00e9-Traduction-480x320.jpg 480w\" sizes=\"(max-width: 480px) 100vw, 480px\" \/><br><span class=\"lwrp-list-link-title-text\">La Belgique\u00a0: petit pays, mais grand march\u00e9 de la traduction\u00a0!<\/span><\/a><\/div><div class=\"lwrp-list-item\"><a href=\"https:\/\/www.betranslated.be\/fr\/blog\/seo-referencement-site\/\" class=\"lwrp-list-link\"><img width=\"480\" height=\"320\" src=\"https:\/\/www.betranslated.be\/wp-content\/uploads\/2020\/05\/SEO-Referencement-BeTranslated-1.jpg\" class=\"attachment-480x480 size-480x480 wp-post-image\" alt=\"r\u00e9f\u00e9rencement naturel Belgique\" \/><br><span class=\"lwrp-list-link-title-text\">R\u00e9f\u00e9rencement naturel (SEO) en Belgique : am\u00e9liorer sa visibilit\u00e9<\/span><\/a><\/div><div class=\"lwrp-list-item\"><a href=\"https:\/\/www.betranslated.be\/fr\/blog\/marche-traduction-belgique\/\" class=\"lwrp-list-link\"><img width=\"480\" height=\"320\" src=\"https:\/\/www.betranslated.be\/wp-content\/uploads\/2023\/03\/Le-marche-de-la-traduction-en-Belgique.jpg\" class=\"attachment-480x480 size-480x480 wp-post-image\" alt=\"Le march\u00e9 de la traduction en Belgique\" \/><br><span class=\"lwrp-list-link-title-text\">Le march\u00e9 de la traduction en Belgique : un secteur en pleine croissance<\/span><\/a><\/div><div class=\"lwrp-list-item\"><a href=\"https:\/\/www.betranslated.be\/fr\/services-traduction\/espagnol\/\" class=\"lwrp-list-link\"><img width=\"400\" height=\"267\" src=\"https:\/\/www.betranslated.be\/wp-content\/uploads\/2025\/03\/services-de-traduction-espagnol.jpg\" class=\"attachment-480x480 size-480x480 wp-post-image\" alt=\"Services de traduction espagnol\" srcset=\"https:\/\/www.betranslated.be\/wp-content\/uploads\/2025\/03\/services-de-traduction-espagnol.jpg 400w, https:\/\/www.betranslated.be\/wp-content\/uploads\/2025\/03\/services-de-traduction-espagnol-300x200.jpg 300w\" sizes=\"(max-width: 400px) 100vw, 400px\" \/><br><span class=\"lwrp-list-link-title-text\">Traduction professionnelle entre l\u2019espagnol et le fran\u00e7ais : pr\u00e9cision et fluidit\u00e9 garanties<\/span><\/a><\/div><div class=\"lwrp-list-item\"><a href=\"https:\/\/www.betranslated.be\/fr\/traduction-juree\/\" class=\"lwrp-list-link\"><img width=\"480\" height=\"328\" src=\"https:\/\/www.betranslated.be\/wp-content\/uploads\/2024\/02\/Traduction-juree-Belgique.jpg\" class=\"attachment-480x480 size-480x480 wp-post-image\" alt=\"Devis traduction jur\u00e9e\" \/><br><span class=\"lwrp-list-link-title-text\">Formulaire pour une traduction jur\u00e9e<\/span><\/a><\/div>                <\/div>\r\n                <\/div>\r\n<\/div>","protected":false},"excerpt":{"rendered":"<p>\ud83c\udf0d D\u00e9couvrez les diff\u00e9rences culturelles entre l&rsquo;Espagne et la Belgique : langues, cuisine, f\u00eates et habitudes de travail. Une lecture enrichissante pour mieux comprendre ces deux nations europ\u00e9ennes. \ud83d\udc49 Lisez l&rsquo;article !<\/p>\n","protected":false},"author":1,"featured_media":22997226,"comment_status":"closed","ping_status":"open","sticky":false,"template":"","format":"standard","meta":{"_et_pb_use_builder":"","_et_pb_old_content":"","_et_gb_content_width":"","footnotes":""},"categories":[50],"tags":[],"dipi_cpt_category":[],"class_list":["post-22995533","post","type-post","status-publish","format-standard","has-post-thumbnail","hentry","category-agence-traduction"],"_links":{"self":[{"href":"https:\/\/www.betranslated.be\/fr\/wp-json\/wp\/v2\/posts\/22995533","targetHints":{"allow":["GET"]}}],"collection":[{"href":"https:\/\/www.betranslated.be\/fr\/wp-json\/wp\/v2\/posts"}],"about":[{"href":"https:\/\/www.betranslated.be\/fr\/wp-json\/wp\/v2\/types\/post"}],"author":[{"embeddable":true,"href":"https:\/\/www.betranslated.be\/fr\/wp-json\/wp\/v2\/users\/1"}],"replies":[{"embeddable":true,"href":"https:\/\/www.betranslated.be\/fr\/wp-json\/wp\/v2\/comments?post=22995533"}],"version-history":[{"count":9,"href":"https:\/\/www.betranslated.be\/fr\/wp-json\/wp\/v2\/posts\/22995533\/revisions"}],"predecessor-version":[{"id":23007983,"href":"https:\/\/www.betranslated.be\/fr\/wp-json\/wp\/v2\/posts\/22995533\/revisions\/23007983"}],"wp:featuredmedia":[{"embeddable":true,"href":"https:\/\/www.betranslated.be\/fr\/wp-json\/wp\/v2\/media\/22997226"}],"wp:attachment":[{"href":"https:\/\/www.betranslated.be\/fr\/wp-json\/wp\/v2\/media?parent=22995533"}],"wp:term":[{"taxonomy":"category","embeddable":true,"href":"https:\/\/www.betranslated.be\/fr\/wp-json\/wp\/v2\/categories?post=22995533"},{"taxonomy":"post_tag","embeddable":true,"href":"https:\/\/www.betranslated.be\/fr\/wp-json\/wp\/v2\/tags?post=22995533"},{"taxonomy":"dipi_cpt_category","embeddable":true,"href":"https:\/\/www.betranslated.be\/fr\/wp-json\/wp\/v2\/dipi_cpt_category?post=22995533"}],"curies":[{"name":"wp","href":"https:\/\/api.w.org\/{rel}","templated":true}]}}