{"id":2192,"date":"2016-10-10T14:47:25","date_gmt":"2016-10-10T14:47:25","guid":{"rendered":"http:\/\/www.betranslated.com\/fr\/?p=2192"},"modified":"2026-03-22T22:10:43","modified_gmt":"2026-03-22T22:10:43","slug":"belgique-petit-pays-grand-marche-traduction","status":"publish","type":"post","link":"https:\/\/www.betranslated.be\/fr\/blog\/belgique-petit-pays-grand-marche-traduction\/","title":{"rendered":"La Belgique\u00a0: petit pays, mais grand march\u00e9 de la traduction\u00a0!"},"content":{"rendered":"\n<p>La Belgique, ce petit pays qui compte quelque 11&nbsp;millions d\u2019habitants, en intrigue plus d\u2019un.<\/p>\n\n\n\n<p>En effet, malgr\u00e9 sa petite superficie, notre plat pays conna\u00eet trois langues officielles&nbsp;: le <a href=\"https:\/\/www.betranslated.be\/fr\/services-traduction\/neerlandais\/\">n\u00e9erlandais<\/a>, le <a href=\"https:\/\/www.betranslated.be\/fr\/services-traduction\/francais\/\">fran\u00e7ais<\/a> et l\u2019<a href=\"https:\/\/www.betranslated.be\/fr\/services-traduction\/allemand\/\">allemand<\/a>.<\/p>\n\n\n\n<p>Mais, ce n\u2019est pas tout\u2009! Il se divise \u00e9galement en trois communaut\u00e9s (flamande, fran\u00e7aise et germanophone) ainsi que 3\u00a0r\u00e9gions (flamande, francophone et Bruxelles-Capitale).<\/p>\n\n\n\n<p>En Belgique, le pouvoir est partag\u00e9 entre diff\u00e9rents groupes autonomes, comme les gouvernements r\u00e9gionaux et communautaires, et les parlements flamand, wallon et de la R\u00e9gion de Bruxelles-Capitale.<\/p>\n\n\n\n<p>Cette r\u00e9partition montre \u00e0 quel point la structure politique belge est compliqu\u00e9e, en raison des diff\u00e9rences linguistiques et culturelles des communaut\u00e9s du pays.<\/p>\n\n\n\n<p>Un casse-t\u00eate, dites-vous\u2009? Peut-\u00eatre, mais cet environnement multilingue repr\u00e9sente surtout un terrain propice pour le d\u00e9veloppement du <a href=\"https:\/\/www.betranslated.be\/fr\/services-traduction\/\">march\u00e9 de la traduction<\/a>.<\/p>\n\n\n\n<p>De plus, situ\u00e9e au c\u0153ur de l\u2019Europe occidentale, la Belgique partage des fronti\u00e8res terrestres avec pas moins de quatre pays voisins&nbsp;: la France, les Pays-Bas, l\u2019Allemagne et le Luxembourg, ce qui en fait un carrefour strat\u00e9gique pour les \u00e9changes commerciaux et culturels.<\/p>\n\n\n\n<figure class=\"wp-block-image aligncenter\"><img loading=\"lazy\" decoding=\"async\" width=\"795\" height=\"529\" src=\"https:\/\/www.betranslated.be\/wp-content\/uploads\/2016\/10\/marche-traduction-bruxelles.jpg\" alt=\"march\u00e9 de la traduction Bruxelles\" class=\"wp-image-22993372\" srcset=\"https:\/\/www.betranslated.be\/wp-content\/uploads\/2016\/10\/marche-traduction-bruxelles.jpg 795w, https:\/\/www.betranslated.be\/wp-content\/uploads\/2016\/10\/marche-traduction-bruxelles-480x319.jpg 480w\" sizes=\"(min-width: 0px) and (max-width: 480px) 480px, (min-width: 481px) 795px, 100vw\" \/><\/figure>\n\n\n\n<p><\/p>\n\n\n\n<h2 class=\"wp-block-heading\">Les traducteurs, pionniers de la communication au niveau national<\/h2>\n\n\n\n<p>Pour les personnes venant d\u2019autres pays, il peut \u00eatre \u00e9tonnant d\u2019apprendre que les citoyens d\u2019un m\u00eame pays ne peuvent pas toujours communiquer dans une langue commune.<\/p>\n\n\n\n<p>Pourtant, c\u2019est la r\u00e9alit\u00e9 quotidienne de notre pays, o\u00f9 <strong>la diversit\u00e9 linguistique<\/strong> est une partie int\u00e9grante de notre identit\u00e9 nationale.<\/p>\n\n\n\n<p>En effet, tous les Belges ne sont pas bilingues, et encore moins trilingues. C\u2019est l\u00e0 que les <a href=\"https:\/\/www.betranslated.be\/fr\/traducteurs-professionnels\/\">traducteurs<\/a> et <a href=\"https:\/\/www.betranslated.be\/fr\/blog\/interpretation-a-distance\/\">interpr\u00e8tes<\/a> entrent en sc\u00e8ne.<\/p>\n\n\n\n<p>Ils assurent ainsi la <a href=\"https:\/\/www.betranslated.be\/fr\/blog\/traduction-communiques-presse\/\">communication<\/a> au sein de ce petit pays, sujet aux clivages linguistiques qui se sont creus\u00e9s au fil du temps.<\/p>\n\n\n\n<p>BeTranslated vous offre des services de traduction et d\u2019interpr\u00e9tation pour vous permettre de communiquer et de faire vivre vos projets en Belgique et \u00e0 l\u2019international, car pour nous, la langue est loin d&rsquo;\u00eatre une barri\u00e8re.<\/p>\n\n\n\n<h2 class=\"wp-block-heading\">Capitale de l\u2019Union europ\u00e9enne : porte ouverte au march\u00e9 de la traduction<\/h2>\n\n\n\n<p>Au-del\u00e0 du caract\u00e8re multilingue propre \u00e0 la Belgique s\u2019ajoute un autre tremplin pour les traducteurs et interpr\u00e8tes.<\/p>\n\n\n\n<p>Vous n&rsquo;\u00eates pas sans savoir que Bruxelles, capitale politique des 27 pays membres, abrite la plupart des <a href=\"https:\/\/european-union.europa.eu\/institutions-law-budget\/institutions-and-bodies\/search-all-eu-institutions-and-bodies_fr\" target=\"_blank\" rel=\"noopener\">institutions de l\u2019Union europ\u00e9enne<\/a>, notamment la Commission europ\u00e9enne, le Parlement europ\u00e9en et le Conseil des ministres.<\/p>\n\n\n\n<p>Ces structures accueillent quotidiennement une foule de repr\u00e9sentants \u00e9trangers qui affluent dans la capitale pour assister \u00e0 divers types d\u2019\u00e9v\u00e9nements.<\/p>\n\n\n\n<p>De toute \u00e9vidence, nos experts linguistiques agissent ici en tant qu\u2019ambassadeurs de la <a href=\"https:\/\/www.betranslated.be\/fr\/services-traduction\/\">communication multilingue<\/a>, au c\u0153ur des \u00e9changes internationaux qui se d\u00e9roulent \u00e0 Bruxelles.<\/p>\n\n\n\n<h2 class=\"wp-block-heading\">Bruxelles, si\u00e8ge de nombreuses organisations internationales<\/h2>\n\n\n\n<p>Outre les institutions europ\u00e9ennes, de <a href=\"https:\/\/www.betranslated.be\/fr\/services-traduction\/organisations-internationales\/\">nombreuses organisations internationales<\/a> si\u00e8gent dans la capitale.<\/p>\n\n\n\n<p>Citons entre autres l\u2019<a href=\"https:\/\/www.nato.int\/\" target=\"_blank\" rel=\"noopener\">OTAN<\/a> (Organisation du Trait\u00e9 de l\u2019Atlantique Nord), l\u2019<a href=\"https:\/\/www.wcoomd.org\/\" target=\"_blank\" rel=\"noopener\">OMD<\/a> (Organisation mondiale des Douanes) ou encore d\u2019autres organisations qui disposent d\u2019une antenne \u00e0 Bruxelles, telles que l\u2019<a href=\"https:\/\/www.un.org\/fr\/\" target=\"_blank\" rel=\"noopener\">ONU<\/a>, l\u2019<a href=\"https:\/\/www.unesco.org\/en\" target=\"_blank\" rel=\"noopener\">UNESCO<\/a>, l\u2019<a href=\"https:\/\/www.who.int\/fr\/\" target=\"_blank\" rel=\"noopener\">OMS<\/a> (Organisation mondiale de la Sant\u00e9) ou encore l\u2019<a href=\"https:\/\/www.ilo.org\/\" target=\"_blank\" rel=\"noopener\">OIT<\/a> (Organisation internationale du Travail).<\/p>\n\n\n\n<p>Tous ces organes \u00e0 caract\u00e8re international et r\u00e9unissant des figures dont les langues et cultures diff\u00e8rent font de Bruxelles une v\u00e9ritable plaque tournante de la communication multilingue, et par cons\u00e9quent, de la <strong>traduction<\/strong> et de l\u2019<strong><a href=\"https:\/\/www.betranslated.be\/fr\/services-traduction\/interpretation\/\" data-type=\"page\" data-id=\"22993648\">interpr\u00e9tation<\/a><\/strong>. <\/p>\n\n\n\n<p>Cette situation montre combien la traduction et l\u2019interpr\u00e9tation sont importantes.<\/p>\n\n\n\n<figure class=\"wp-block-image aligncenter\"><img loading=\"lazy\" decoding=\"async\" width=\"795\" height=\"530\" src=\"https:\/\/www.betranslated.be\/wp-content\/uploads\/2016\/10\/marche-traduction-bruxelles2.jpg\" alt=\"march\u00e9 traduction bruxelles\" class=\"wp-image-22993375\" srcset=\"https:\/\/www.betranslated.be\/wp-content\/uploads\/2016\/10\/marche-traduction-bruxelles2.jpg 795w, https:\/\/www.betranslated.be\/wp-content\/uploads\/2016\/10\/marche-traduction-bruxelles2-480x320.jpg 480w\" sizes=\"(min-width: 0px) and (max-width: 480px) 480px, (min-width: 481px) 795px, 100vw\" \/><\/figure>\n\n\n\n<p><\/p>\n\n\n\n<h2 class=\"wp-block-heading\">La Belgique, un point strat\u00e9gique pour la traduction<\/h2>\n\n\n\n<p>Toutes ces raisons poussent les <strong>traducteurs<\/strong> et <strong>interpr\u00e8tes<\/strong> du monde entier \u00e0 viser le march\u00e9 florissant du pays de la bi\u00e8re et du chocolat.<\/p>\n\n\n\n<p>Nombreux sont ceux qui y voient de belles perspectives et tentent de se faire une place dans ce secteur o\u00f9 la comp\u00e9titivit\u00e9 est de mise.<\/p>\n\n\n\n<p>Dans ce contexte dynamique, BeTranslated se distingue comme un partenaire de confiance offrant des services de traduction et d\u2019interpr\u00e9tation de qualit\u00e9, adapt\u00e9s aux besoins sp\u00e9cifiques de ce march\u00e9 multilingue.<\/p>\n\n\n\n<p>Chers traducteurs et interpr\u00e8tes\u2026 Vous connaissez donc votre prochaine escale\u2009!<\/p>\n<style>\r\n.lwrp.link-whisper-related-posts{\r\n            \r\n            margin-top: 100px;\nmargin-right: 0px;\nmargin-bottom: 0px;\nmargin-left: 0px;\r\n        }\r\n        .lwrp .lwrp-title{\r\n            \r\n            font-size: 20px;\r\n        }.lwrp .lwrp-description{\r\n            \r\n            \r\n\r\n        }\r\n        .lwrp .lwrp-list-container{\r\n        }\r\n        .lwrp .lwrp-list-multi-container{\r\n            display: flex;\r\n        }\r\n        .lwrp .lwrp-list-double{\r\n            width: 48%;\r\n        }\r\n        .lwrp .lwrp-list-triple{\r\n            width: 32%;\r\n        }\r\n        .lwrp .lwrp-list-row-container{\r\n            display: flex;\r\n            justify-content: space-between;\r\n        }\r\n        .lwrp .lwrp-list-row-container .lwrp-list-item{\r\n            width: calc(20% - 20px);\r\n        }\r\n        .lwrp .lwrp-list-item:not(.lwrp-no-posts-message-item){\r\n            \r\n            margin-top: 0px;\nmargin-right: 0px;\nmargin-bottom: 0px;\nmargin-left: 0px;max-width: 150px;list-style: none;\r\n        }\r\n        .lwrp .lwrp-list-item img{\r\n            max-width: 100%;\r\n            height: auto;\r\n            object-fit: cover;\r\n            aspect-ratio: 1 \/ 1;\r\n        }\r\n        .lwrp .lwrp-list-item.lwrp-empty-list-item{\r\n            background: initial !important;\r\n        }\r\n        .lwrp .lwrp-list-item .lwrp-list-link .lwrp-list-link-title-text,\r\n        .lwrp .lwrp-list-item .lwrp-list-no-posts-message{\r\n            color: #0a0a0a;\r\n            font-size: 14px;\r\n            \r\n            \r\n        }@media screen and (max-width: 480px) {\r\n            .lwrp.link-whisper-related-posts{\r\n                \r\n                \r\n            }\r\n            .lwrp .lwrp-title{\r\n                \r\n                \r\n            }.lwrp .lwrp-description{\r\n                \r\n                \r\n            }\r\n            .lwrp .lwrp-list-multi-container{\r\n                flex-direction: column;\r\n            }\r\n            .lwrp .lwrp-list-multi-container ul.lwrp-list{\r\n                margin-top: 0px;\r\n                margin-bottom: 0px;\r\n                padding-top: 0px;\r\n                padding-bottom: 0px;\r\n            }\r\n            .lwrp .lwrp-list-double,\r\n            .lwrp .lwrp-list-triple{\r\n                width: 100%;\r\n            }\r\n            .lwrp .lwrp-list-row-container{\r\n                justify-content: initial;\r\n                flex-direction: column;\r\n            }\r\n            .lwrp .lwrp-list-row-container .lwrp-list-item{\r\n                width: 100%;\r\n            }\r\n            .lwrp .lwrp-list-item:not(.lwrp-no-posts-message-item){\r\n                \r\n                max-width: initial;\r\n            }\r\n            .lwrp .lwrp-list-item .lwrp-list-link .lwrp-list-link-title-text,\r\n            .lwrp .lwrp-list-item .lwrp-list-no-posts-message{\r\n                \r\n                \r\n                \r\n                \r\n            };\r\n        }<\/style>\r\n<div id=\"link-whisper-related-posts-widget\" class=\"link-whisper-related-posts lwrp\">\r\n    \r\n        <div class=\"lwrp-list-container\">\r\n                                <div class=\"lwrp-list lwrp-list-row-container lwrp-list-single-row\">\r\n                <div class=\"lwrp-list-item\"><a href=\"https:\/\/www.betranslated.be\/fr\/blog\/seo-referencement-site\/\" class=\"lwrp-list-link\"><img width=\"480\" height=\"320\" src=\"https:\/\/www.betranslated.be\/wp-content\/uploads\/2020\/05\/SEO-Referencement-BeTranslated-1.jpg\" class=\"attachment-480x480 size-480x480 wp-post-image\" alt=\"r\u00e9f\u00e9rencement naturel Belgique\" \/><br><span class=\"lwrp-list-link-title-text\">R\u00e9f\u00e9rencement naturel (SEO) en Belgique : am\u00e9liorer sa visibilit\u00e9<\/span><\/a><\/div><div class=\"lwrp-list-item\"><a href=\"https:\/\/www.betranslated.be\/fr\/blog\/marche-traduction-belgique\/\" class=\"lwrp-list-link\"><img width=\"480\" height=\"320\" src=\"https:\/\/www.betranslated.be\/wp-content\/uploads\/2023\/03\/Le-marche-de-la-traduction-en-Belgique.jpg\" class=\"attachment-480x480 size-480x480 wp-post-image\" alt=\"Le march\u00e9 de la traduction en Belgique\" \/><br><span class=\"lwrp-list-link-title-text\">Le march\u00e9 de la traduction en Belgique : un secteur en pleine croissance<\/span><\/a><\/div><div class=\"lwrp-list-item\"><a href=\"https:\/\/www.betranslated.be\/fr\/blog\/parfaire-connaissance-langues\/\" class=\"lwrp-list-link\"><img width=\"480\" height=\"320\" src=\"https:\/\/www.betranslated.be\/wp-content\/uploads\/2019\/04\/Parfaire-langue-apprentissage.jpg\" class=\"attachment-480x480 size-480x480 wp-post-image\" alt=\"Parfaire sa connaissance des langues pour devenir sp\u00e9cialiste\" \/><br><span class=\"lwrp-list-link-title-text\">Parfaire sa connaissance des langues et devenir un v\u00e9ritable sp\u00e9cialiste<\/span><\/a><\/div><div class=\"lwrp-list-item\"><a href=\"https:\/\/www.betranslated.be\/fr\/langues\/\" class=\"lwrp-list-link\"><img width=\"480\" height=\"339\" src=\"https:\/\/www.betranslated.be\/wp-content\/uploads\/2025\/10\/langues-de-traduction.jpg\" class=\"attachment-480x480 size-480x480 wp-post-image\" alt=\"\"><br><span class=\"lwrp-list-link-title-text\">Langues de traduction propos\u00e9es<\/span><\/a><\/div>                <\/div>\r\n                <\/div>\r\n<\/div>","protected":false},"excerpt":{"rendered":"<p>La Belgique, ce petit pays qui compte quelque 11 millions d\u2019habitants, en intrigue plus d\u2019un. En effet, malgr\u00e9 sa petite superficie, notre plat pays conna\u00eet trois langues officielles : le n\u00e9erlandais, le fran\u00e7ais et l\u2019allemand. Mais ce n\u2019est pas tout !<\/p>\n","protected":false},"author":1,"featured_media":9545,"comment_status":"closed","ping_status":"closed","sticky":false,"template":"","format":"standard","meta":{"_et_pb_use_builder":"","_et_pb_old_content":"","_et_gb_content_width":"","footnotes":""},"categories":[181],"tags":[21,22,23,24],"dipi_cpt_category":[],"class_list":["post-2192","post","type-post","status-publish","format-standard","has-post-thumbnail","hentry","category-marche-de-la-traduction","tag-belgique","tag-bruxelles","tag-capitale-de-lunion-europeenne","tag-traduction-belgique"],"_links":{"self":[{"href":"https:\/\/www.betranslated.be\/fr\/wp-json\/wp\/v2\/posts\/2192","targetHints":{"allow":["GET"]}}],"collection":[{"href":"https:\/\/www.betranslated.be\/fr\/wp-json\/wp\/v2\/posts"}],"about":[{"href":"https:\/\/www.betranslated.be\/fr\/wp-json\/wp\/v2\/types\/post"}],"author":[{"embeddable":true,"href":"https:\/\/www.betranslated.be\/fr\/wp-json\/wp\/v2\/users\/1"}],"replies":[{"embeddable":true,"href":"https:\/\/www.betranslated.be\/fr\/wp-json\/wp\/v2\/comments?post=2192"}],"version-history":[{"count":1,"href":"https:\/\/www.betranslated.be\/fr\/wp-json\/wp\/v2\/posts\/2192\/revisions"}],"predecessor-version":[{"id":22997189,"href":"https:\/\/www.betranslated.be\/fr\/wp-json\/wp\/v2\/posts\/2192\/revisions\/22997189"}],"wp:featuredmedia":[{"embeddable":true,"href":"https:\/\/www.betranslated.be\/fr\/wp-json\/wp\/v2\/media\/9545"}],"wp:attachment":[{"href":"https:\/\/www.betranslated.be\/fr\/wp-json\/wp\/v2\/media?parent=2192"}],"wp:term":[{"taxonomy":"category","embeddable":true,"href":"https:\/\/www.betranslated.be\/fr\/wp-json\/wp\/v2\/categories?post=2192"},{"taxonomy":"post_tag","embeddable":true,"href":"https:\/\/www.betranslated.be\/fr\/wp-json\/wp\/v2\/tags?post=2192"},{"taxonomy":"dipi_cpt_category","embeddable":true,"href":"https:\/\/www.betranslated.be\/fr\/wp-json\/wp\/v2\/dipi_cpt_category?post=2192"}],"curies":[{"name":"wp","href":"https:\/\/api.w.org\/{rel}","templated":true}]}}